{"id":3596,"date":"2017-07-03T01:53:16","date_gmt":"2017-07-02T23:53:16","guid":{"rendered":"https:\/\/www.martin-schroeder.de\/2017\/07\/03\/inequality-and-trade-unions-as-prey-and-predator\/"},"modified":"2020-03-05T11:22:49","modified_gmt":"2020-03-05T10:22:49","slug":"inequality-and-trade-unions-as-prey-and-predator","status":"publish","type":"post","link":"https:\/\/www.martin-schroeder.de\/en\/2017\/07\/03\/inequality-and-trade-unions-as-prey-and-predator\/","title":{"rendered":"Inequality and trade unions as prey and predator"},"content":{"rendered":"<p>Imagine a population of wolves and sheep. Wolves eat sheep. The wolve population grows, as long as there are sheep. But once the wolves have eaten all the sheep, the wolves starve and die. When the wolves are gone, the sheep population can recover. This is a basic prey and predator model. Essentially, it shows how trade union power is linked to inequality, trade unions are the wolves and inequality is the sheep.<\/p>\n<p>Using data from 12 countries over 100 years, I can show with my co-author Louis Chauvel that trade unions recruit more members after inequality has been high. Strong trade unions then fight inequality. But in doing so, they destroy what helped them to recruit members in the first place. Once they have managed to lower inequality, no one has an incentive to join a trade union anymore. Trade unions then lose members, so that inequality can eventually increase again. If this happens, eventually people have an interest to join trade unions again, and they do. So again you have trade unions fighting inequality, but by doing so sowing the seeds of their own demise. We thus found the following dynamic:<\/p>\n<p><img decoding=\"async\" class=\"alignnone wp-image-3356 size-full\" src=\"https:\/\/www.martin-schroeder.de\/wp-content\/uploads\/2020\/02\/inequality-and-trade-unions.jpeg\" alt=\"\" width=\"1000\" height=\"750\" srcset=\"https:\/\/www.martin-schroeder.de\/wp-content\/uploads\/2020\/02\/inequality-and-trade-unions-200x150.jpeg 200w, https:\/\/www.martin-schroeder.de\/wp-content\/uploads\/2020\/02\/inequality-and-trade-unions-300x225.jpeg 300w, https:\/\/www.martin-schroeder.de\/wp-content\/uploads\/2020\/02\/inequality-and-trade-unions-400x300.jpeg 400w, https:\/\/www.martin-schroeder.de\/wp-content\/uploads\/2020\/02\/inequality-and-trade-unions-600x450.jpeg 600w, https:\/\/www.martin-schroeder.de\/wp-content\/uploads\/2020\/02\/inequality-and-trade-unions-768x576.jpeg 768w, https:\/\/www.martin-schroeder.de\/wp-content\/uploads\/2020\/02\/inequality-and-trade-unions-800x600.jpeg 800w, https:\/\/www.martin-schroeder.de\/wp-content\/uploads\/2020\/02\/inequality-and-trade-unions.jpeg 1000w\" sizes=\"(max-width: 1000px) 100vw, 1000px\" \/><\/p>\n<p>We found this dynamica characterizes the development of inequality and trade union membership in Australia (from 1950- 2010), Canada (1941-2010), Denmark (1870-2010), France (1905-2009), Germany (1891-1998), Italy (1974-2009), Japan (1947-2010), the Netherlands (1914-1999), Norway (1900-2008), Sweden (1903-2010), the UK (1918-2009) and the US (1917-2011). By showing this empirically, we reconceptualise the relationship between inequality and union density as a prey and predator model, where predators eat prey \u2013 unions destroy inequality, but thereby also destroy their own basis for survival. By empirically showing that trade union density and social inequality influence each other in this way over long periods, this article contributes shows how social problems get met by social reactions, but these reactions overshoot and they often come to late.<\/p>\n<p>For the entire article, check out this address:<\/p>\n<p><a href=\"http:\/\/dx.doi.org\/10.1111\/kykl.12128\" rel=\"nofollow\">http:\/\/dx.doi.org\/10.1111\/kykl.12128<\/a><\/p>\n","protected":false},"excerpt":{"rendered":"<p>Imagine a population of wolves and sheep. Wolves eat sheep. The wolve population grows, as long as there are sheep. But once the wolves have eaten all the sheep, the wolves starve and die. When the wolves are gone, the sheep population can recover. This is a basic prey and predator model. Essentially, it shows how trade union power is linked to inequality, trade unions are the wolves and inequality is the sheep. Using data from 12 countries over 100 years, I can show with my co-author Louis Chauvel that trade unions recruit more members after inequality has been high. [&hellip;]<\/p>\n","protected":false},"author":2,"featured_media":0,"comment_status":"closed","ping_status":"closed","sticky":false,"template":"","format":"standard","meta":{"footnotes":""},"categories":[94],"tags":[],"class_list":["post-3596","post","type-post","status-publish","format-standard","hentry","category-blog-en"],"yoast_head":"<!-- This site is optimized with the Yoast SEO plugin v27.4 - https:\/\/yoast.com\/product\/yoast-seo-wordpress\/ -->\n<title>Inequality and trade unions as prey and predator - Martin Schroeder<\/title>\n<meta name=\"robots\" content=\"index, follow, max-snippet:-1, max-image-preview:large, max-video-preview:-1\" \/>\n<link rel=\"canonical\" href=\"https:\/\/www.martin-schroeder.de\/en\/2017\/07\/03\/inequality-and-trade-unions-as-prey-and-predator\/\" \/>\n<meta property=\"og:locale\" content=\"en_US\" \/>\n<meta property=\"og:type\" content=\"article\" \/>\n<meta property=\"og:title\" content=\"Inequality and trade unions as prey and predator - Martin Schroeder\" \/>\n<meta property=\"og:description\" content=\"Imagine a population of wolves and sheep. Wolves eat sheep. The wolve population grows, as long as there are sheep. But once the wolves have eaten all the sheep, the wolves starve and die. When the wolves are gone, the sheep population can recover. This is a basic prey and predator model. Essentially, it shows how trade union power is linked to inequality, trade unions are the wolves and inequality is the sheep. Using data from 12 countries over 100 years, I can show with my co-author Louis Chauvel that trade unions recruit more members after inequality has been high. [&hellip;]\" \/>\n<meta property=\"og:url\" content=\"https:\/\/www.martin-schroeder.de\/en\/2017\/07\/03\/inequality-and-trade-unions-as-prey-and-predator\/\" \/>\n<meta property=\"og:site_name\" content=\"Martin Schroeder\" \/>\n<meta property=\"article:publisher\" content=\"https:\/\/www.facebook.com\/mulgul\" \/>\n<meta property=\"article:author\" content=\"https:\/\/www.facebook.com\/mulgul\" \/>\n<meta property=\"article:published_time\" content=\"2017-07-02T23:53:16+00:00\" \/>\n<meta property=\"article:modified_time\" content=\"2020-03-05T10:22:49+00:00\" \/>\n<meta property=\"og:image\" content=\"https:\/\/www.martin-schroeder.de\/wp-content\/uploads\/2020\/02\/inequality-and-trade-unions.jpeg\" \/>\n<meta name=\"author\" content=\"Martin Schr\u00f6der\" \/>\n<meta name=\"twitter:card\" content=\"summary_large_image\" \/>\n<meta name=\"twitter:creator\" content=\"@Martin_Schroe\" \/>\n<meta name=\"twitter:site\" content=\"@Martin_Schroe\" \/>\n<meta name=\"twitter:label1\" content=\"Written by\" \/>\n\t<meta name=\"twitter:data1\" content=\"Martin Schr\u00f6der\" \/>\n\t<meta name=\"twitter:label2\" content=\"Est. reading time\" \/>\n\t<meta name=\"twitter:data2\" content=\"2 minutes\" \/>\n<script type=\"application\/ld+json\" class=\"yoast-schema-graph\">{\"@context\":\"https:\\\/\\\/schema.org\",\"@graph\":[{\"@type\":\"Article\",\"@id\":\"https:\\\/\\\/www.martin-schroeder.de\\\/en\\\/2017\\\/07\\\/03\\\/inequality-and-trade-unions-as-prey-and-predator\\\/#article\",\"isPartOf\":{\"@id\":\"https:\\\/\\\/www.martin-schroeder.de\\\/en\\\/2017\\\/07\\\/03\\\/inequality-and-trade-unions-as-prey-and-predator\\\/\"},\"author\":{\"name\":\"Martin Schr\u00f6der\",\"@id\":\"https:\\\/\\\/www.martin-schroeder.de\\\/en\\\/#\\\/schema\\\/person\\\/3e858475e9b817791c2e21e22428ae54\"},\"headline\":\"Inequality and trade unions as prey and predator\",\"datePublished\":\"2017-07-02T23:53:16+00:00\",\"dateModified\":\"2020-03-05T10:22:49+00:00\",\"mainEntityOfPage\":{\"@id\":\"https:\\\/\\\/www.martin-schroeder.de\\\/en\\\/2017\\\/07\\\/03\\\/inequality-and-trade-unions-as-prey-and-predator\\\/\"},\"wordCount\":331,\"publisher\":{\"@id\":\"https:\\\/\\\/www.martin-schroeder.de\\\/en\\\/#\\\/schema\\\/person\\\/3e858475e9b817791c2e21e22428ae54\"},\"image\":{\"@id\":\"https:\\\/\\\/www.martin-schroeder.de\\\/en\\\/2017\\\/07\\\/03\\\/inequality-and-trade-unions-as-prey-and-predator\\\/#primaryimage\"},\"thumbnailUrl\":\"https:\\\/\\\/www.martin-schroeder.de\\\/wp-content\\\/uploads\\\/2020\\\/02\\\/inequality-and-trade-unions.jpeg\",\"articleSection\":[\"Blog\"],\"inLanguage\":\"en-US\"},{\"@type\":\"WebPage\",\"@id\":\"https:\\\/\\\/www.martin-schroeder.de\\\/en\\\/2017\\\/07\\\/03\\\/inequality-and-trade-unions-as-prey-and-predator\\\/\",\"url\":\"https:\\\/\\\/www.martin-schroeder.de\\\/en\\\/2017\\\/07\\\/03\\\/inequality-and-trade-unions-as-prey-and-predator\\\/\",\"name\":\"Inequality and trade unions as prey and predator - Martin Schroeder\",\"isPartOf\":{\"@id\":\"https:\\\/\\\/www.martin-schroeder.de\\\/en\\\/#website\"},\"primaryImageOfPage\":{\"@id\":\"https:\\\/\\\/www.martin-schroeder.de\\\/en\\\/2017\\\/07\\\/03\\\/inequality-and-trade-unions-as-prey-and-predator\\\/#primaryimage\"},\"image\":{\"@id\":\"https:\\\/\\\/www.martin-schroeder.de\\\/en\\\/2017\\\/07\\\/03\\\/inequality-and-trade-unions-as-prey-and-predator\\\/#primaryimage\"},\"thumbnailUrl\":\"https:\\\/\\\/www.martin-schroeder.de\\\/wp-content\\\/uploads\\\/2020\\\/02\\\/inequality-and-trade-unions.jpeg\",\"datePublished\":\"2017-07-02T23:53:16+00:00\",\"dateModified\":\"2020-03-05T10:22:49+00:00\",\"breadcrumb\":{\"@id\":\"https:\\\/\\\/www.martin-schroeder.de\\\/en\\\/2017\\\/07\\\/03\\\/inequality-and-trade-unions-as-prey-and-predator\\\/#breadcrumb\"},\"inLanguage\":\"en-US\",\"potentialAction\":[{\"@type\":\"ReadAction\",\"target\":[\"https:\\\/\\\/www.martin-schroeder.de\\\/en\\\/2017\\\/07\\\/03\\\/inequality-and-trade-unions-as-prey-and-predator\\\/\"]}]},{\"@type\":\"ImageObject\",\"inLanguage\":\"en-US\",\"@id\":\"https:\\\/\\\/www.martin-schroeder.de\\\/en\\\/2017\\\/07\\\/03\\\/inequality-and-trade-unions-as-prey-and-predator\\\/#primaryimage\",\"url\":\"https:\\\/\\\/www.martin-schroeder.de\\\/wp-content\\\/uploads\\\/2020\\\/02\\\/inequality-and-trade-unions.jpeg\",\"contentUrl\":\"https:\\\/\\\/www.martin-schroeder.de\\\/wp-content\\\/uploads\\\/2020\\\/02\\\/inequality-and-trade-unions.jpeg\"},{\"@type\":\"BreadcrumbList\",\"@id\":\"https:\\\/\\\/www.martin-schroeder.de\\\/en\\\/2017\\\/07\\\/03\\\/inequality-and-trade-unions-as-prey-and-predator\\\/#breadcrumb\",\"itemListElement\":[{\"@type\":\"ListItem\",\"position\":1,\"name\":\"Startseite\",\"item\":\"https:\\\/\\\/www.martin-schroeder.de\\\/en\\\/\"},{\"@type\":\"ListItem\",\"position\":2,\"name\":\"Inequality and trade unions as prey and predator\"}]},{\"@type\":\"WebSite\",\"@id\":\"https:\\\/\\\/www.martin-schroeder.de\\\/en\\\/#website\",\"url\":\"https:\\\/\\\/www.martin-schroeder.de\\\/en\\\/\",\"name\":\"Martin Schr\u00f6der\",\"description\":\"Professor of Economic Sociology\",\"publisher\":{\"@id\":\"https:\\\/\\\/www.martin-schroeder.de\\\/en\\\/#\\\/schema\\\/person\\\/3e858475e9b817791c2e21e22428ae54\"},\"potentialAction\":[{\"@type\":\"SearchAction\",\"target\":{\"@type\":\"EntryPoint\",\"urlTemplate\":\"https:\\\/\\\/www.martin-schroeder.de\\\/en\\\/?s={search_term_string}\"},\"query-input\":{\"@type\":\"PropertyValueSpecification\",\"valueRequired\":true,\"valueName\":\"search_term_string\"}}],\"inLanguage\":\"en-US\"},{\"@type\":[\"Person\",\"Organization\"],\"@id\":\"https:\\\/\\\/www.martin-schroeder.de\\\/en\\\/#\\\/schema\\\/person\\\/3e858475e9b817791c2e21e22428ae54\",\"name\":\"Martin Schr\u00f6der\",\"logo\":{\"@id\":\"https:\\\/\\\/www.martin-schroeder.de\\\/en\\\/#\\\/schema\\\/person\\\/image\\\/\"},\"description\":\"Martin Schr\u00f6der ist Professor f\u00fcr Soziologie und forscht zu den Themen soziale Ungleichheit, Sozialstaat, Kapitalismusvarianten, Wirtschaftssoziologie, Moral und Lebenszufriedenheit. Er promovierte am Max-Planck-Institut f\u00fcr Gesellschaftsforschung in K\u00f6ln und studierte in Osnabr\u00fcck, der Sciences Po Paris und der Harvard University. Sein erstes popul\u00e4rwissenschaftliches Buch zeigt, warum wir nie das Gef\u00fchl haben, dass unser Leben besser wird, obwohl sich objektiv gesehen fast alles in der Welt und in Deutschland verbessert. Sein zweites Buch f\u00fcr die \u00d6ffentlichkeit zeigt, unter welchen Umst\u00e4nden Menschen mit ihrem Leben zufrieden sind.\",\"sameAs\":[\"https:\\\/\\\/www.martin-schroeder.de\",\"https:\\\/\\\/www.facebook.com\\\/mulgul\",\"https:\\\/\\\/x.com\\\/Martin_Schroe\",\"https:\\\/\\\/de.wikipedia.org\\\/wiki\\\/Martin_Schrder_(Soziologe)\"]}]}<\/script>\n<!-- \/ Yoast SEO plugin. -->","yoast_head_json":{"title":"Inequality and trade unions as prey and predator - Martin Schroeder","robots":{"index":"index","follow":"follow","max-snippet":"max-snippet:-1","max-image-preview":"max-image-preview:large","max-video-preview":"max-video-preview:-1"},"canonical":"https:\/\/www.martin-schroeder.de\/en\/2017\/07\/03\/inequality-and-trade-unions-as-prey-and-predator\/","og_locale":"en_US","og_type":"article","og_title":"Inequality and trade unions as prey and predator - Martin Schroeder","og_description":"Imagine a population of wolves and sheep. Wolves eat sheep. The wolve population grows, as long as there are sheep. But once the wolves have eaten all the sheep, the wolves starve and die. When the wolves are gone, the sheep population can recover. This is a basic prey and predator model. Essentially, it shows how trade union power is linked to inequality, trade unions are the wolves and inequality is the sheep. Using data from 12 countries over 100 years, I can show with my co-author Louis Chauvel that trade unions recruit more members after inequality has been high. [&hellip;]","og_url":"https:\/\/www.martin-schroeder.de\/en\/2017\/07\/03\/inequality-and-trade-unions-as-prey-and-predator\/","og_site_name":"Martin Schroeder","article_publisher":"https:\/\/www.facebook.com\/mulgul","article_author":"https:\/\/www.facebook.com\/mulgul","article_published_time":"2017-07-02T23:53:16+00:00","article_modified_time":"2020-03-05T10:22:49+00:00","og_image":[{"url":"https:\/\/www.martin-schroeder.de\/wp-content\/uploads\/2020\/02\/inequality-and-trade-unions.jpeg","type":"","width":"","height":""}],"author":"Martin Schr\u00f6der","twitter_card":"summary_large_image","twitter_creator":"@Martin_Schroe","twitter_site":"@Martin_Schroe","twitter_misc":{"Written by":"Martin Schr\u00f6der","Est. reading time":"2 minutes"},"schema":{"@context":"https:\/\/schema.org","@graph":[{"@type":"Article","@id":"https:\/\/www.martin-schroeder.de\/en\/2017\/07\/03\/inequality-and-trade-unions-as-prey-and-predator\/#article","isPartOf":{"@id":"https:\/\/www.martin-schroeder.de\/en\/2017\/07\/03\/inequality-and-trade-unions-as-prey-and-predator\/"},"author":{"name":"Martin Schr\u00f6der","@id":"https:\/\/www.martin-schroeder.de\/en\/#\/schema\/person\/3e858475e9b817791c2e21e22428ae54"},"headline":"Inequality and trade unions as prey and predator","datePublished":"2017-07-02T23:53:16+00:00","dateModified":"2020-03-05T10:22:49+00:00","mainEntityOfPage":{"@id":"https:\/\/www.martin-schroeder.de\/en\/2017\/07\/03\/inequality-and-trade-unions-as-prey-and-predator\/"},"wordCount":331,"publisher":{"@id":"https:\/\/www.martin-schroeder.de\/en\/#\/schema\/person\/3e858475e9b817791c2e21e22428ae54"},"image":{"@id":"https:\/\/www.martin-schroeder.de\/en\/2017\/07\/03\/inequality-and-trade-unions-as-prey-and-predator\/#primaryimage"},"thumbnailUrl":"https:\/\/www.martin-schroeder.de\/wp-content\/uploads\/2020\/02\/inequality-and-trade-unions.jpeg","articleSection":["Blog"],"inLanguage":"en-US"},{"@type":"WebPage","@id":"https:\/\/www.martin-schroeder.de\/en\/2017\/07\/03\/inequality-and-trade-unions-as-prey-and-predator\/","url":"https:\/\/www.martin-schroeder.de\/en\/2017\/07\/03\/inequality-and-trade-unions-as-prey-and-predator\/","name":"Inequality and trade unions as prey and predator - Martin Schroeder","isPartOf":{"@id":"https:\/\/www.martin-schroeder.de\/en\/#website"},"primaryImageOfPage":{"@id":"https:\/\/www.martin-schroeder.de\/en\/2017\/07\/03\/inequality-and-trade-unions-as-prey-and-predator\/#primaryimage"},"image":{"@id":"https:\/\/www.martin-schroeder.de\/en\/2017\/07\/03\/inequality-and-trade-unions-as-prey-and-predator\/#primaryimage"},"thumbnailUrl":"https:\/\/www.martin-schroeder.de\/wp-content\/uploads\/2020\/02\/inequality-and-trade-unions.jpeg","datePublished":"2017-07-02T23:53:16+00:00","dateModified":"2020-03-05T10:22:49+00:00","breadcrumb":{"@id":"https:\/\/www.martin-schroeder.de\/en\/2017\/07\/03\/inequality-and-trade-unions-as-prey-and-predator\/#breadcrumb"},"inLanguage":"en-US","potentialAction":[{"@type":"ReadAction","target":["https:\/\/www.martin-schroeder.de\/en\/2017\/07\/03\/inequality-and-trade-unions-as-prey-and-predator\/"]}]},{"@type":"ImageObject","inLanguage":"en-US","@id":"https:\/\/www.martin-schroeder.de\/en\/2017\/07\/03\/inequality-and-trade-unions-as-prey-and-predator\/#primaryimage","url":"https:\/\/www.martin-schroeder.de\/wp-content\/uploads\/2020\/02\/inequality-and-trade-unions.jpeg","contentUrl":"https:\/\/www.martin-schroeder.de\/wp-content\/uploads\/2020\/02\/inequality-and-trade-unions.jpeg"},{"@type":"BreadcrumbList","@id":"https:\/\/www.martin-schroeder.de\/en\/2017\/07\/03\/inequality-and-trade-unions-as-prey-and-predator\/#breadcrumb","itemListElement":[{"@type":"ListItem","position":1,"name":"Startseite","item":"https:\/\/www.martin-schroeder.de\/en\/"},{"@type":"ListItem","position":2,"name":"Inequality and trade unions as prey and predator"}]},{"@type":"WebSite","@id":"https:\/\/www.martin-schroeder.de\/en\/#website","url":"https:\/\/www.martin-schroeder.de\/en\/","name":"Martin Schr\u00f6der","description":"Professor of Economic Sociology","publisher":{"@id":"https:\/\/www.martin-schroeder.de\/en\/#\/schema\/person\/3e858475e9b817791c2e21e22428ae54"},"potentialAction":[{"@type":"SearchAction","target":{"@type":"EntryPoint","urlTemplate":"https:\/\/www.martin-schroeder.de\/en\/?s={search_term_string}"},"query-input":{"@type":"PropertyValueSpecification","valueRequired":true,"valueName":"search_term_string"}}],"inLanguage":"en-US"},{"@type":["Person","Organization"],"@id":"https:\/\/www.martin-schroeder.de\/en\/#\/schema\/person\/3e858475e9b817791c2e21e22428ae54","name":"Martin Schr\u00f6der","logo":{"@id":"https:\/\/www.martin-schroeder.de\/en\/#\/schema\/person\/image\/"},"description":"Martin Schr\u00f6der ist Professor f\u00fcr Soziologie und forscht zu den Themen soziale Ungleichheit, Sozialstaat, Kapitalismusvarianten, Wirtschaftssoziologie, Moral und Lebenszufriedenheit. Er promovierte am Max-Planck-Institut f\u00fcr Gesellschaftsforschung in K\u00f6ln und studierte in Osnabr\u00fcck, der Sciences Po Paris und der Harvard University. Sein erstes popul\u00e4rwissenschaftliches Buch zeigt, warum wir nie das Gef\u00fchl haben, dass unser Leben besser wird, obwohl sich objektiv gesehen fast alles in der Welt und in Deutschland verbessert. Sein zweites Buch f\u00fcr die \u00d6ffentlichkeit zeigt, unter welchen Umst\u00e4nden Menschen mit ihrem Leben zufrieden sind.","sameAs":["https:\/\/www.martin-schroeder.de","https:\/\/www.facebook.com\/mulgul","https:\/\/x.com\/Martin_Schroe","https:\/\/de.wikipedia.org\/wiki\/Martin_Schrder_(Soziologe)"]}]}},"_links":{"self":[{"href":"https:\/\/www.martin-schroeder.de\/en\/wp-json\/wp\/v2\/posts\/3596","targetHints":{"allow":["GET"]}}],"collection":[{"href":"https:\/\/www.martin-schroeder.de\/en\/wp-json\/wp\/v2\/posts"}],"about":[{"href":"https:\/\/www.martin-schroeder.de\/en\/wp-json\/wp\/v2\/types\/post"}],"author":[{"embeddable":true,"href":"https:\/\/www.martin-schroeder.de\/en\/wp-json\/wp\/v2\/users\/2"}],"replies":[{"embeddable":true,"href":"https:\/\/www.martin-schroeder.de\/en\/wp-json\/wp\/v2\/comments?post=3596"}],"version-history":[{"count":1,"href":"https:\/\/www.martin-schroeder.de\/en\/wp-json\/wp\/v2\/posts\/3596\/revisions"}],"predecessor-version":[{"id":3682,"href":"https:\/\/www.martin-schroeder.de\/en\/wp-json\/wp\/v2\/posts\/3596\/revisions\/3682"}],"wp:attachment":[{"href":"https:\/\/www.martin-schroeder.de\/en\/wp-json\/wp\/v2\/media?parent=3596"}],"wp:term":[{"taxonomy":"category","embeddable":true,"href":"https:\/\/www.martin-schroeder.de\/en\/wp-json\/wp\/v2\/categories?post=3596"},{"taxonomy":"post_tag","embeddable":true,"href":"https:\/\/www.martin-schroeder.de\/en\/wp-json\/wp\/v2\/tags?post=3596"}],"curies":[{"name":"wp","href":"https:\/\/api.w.org\/{rel}","templated":true}]}}